{"id":646,"date":"2023-09-21T18:58:01","date_gmt":"2023-09-21T17:58:01","guid":{"rendered":"https:\/\/plenum-vs.ch\/?p=646"},"modified":"2023-09-21T19:04:03","modified_gmt":"2023-09-21T18:04:03","slug":"raphael-wicky-ist-walliser-des-jahres-2023","status":"publish","type":"post","link":"https:\/\/plenum-vs.ch\/index.php\/2023\/09\/21\/raphael-wicky-ist-walliser-des-jahres-2023\/","title":{"rendered":"Raphael Wicky ist Walliser des Jahres 2023"},"content":{"rendered":"<p style=\"font-weight: 400;\"><strong><em>Der Steger Fussballtrainer Raphael Wicky ist Walliser des Jahres 2023. Das Plenum VS<\/em><em>, das Walliser Wirtschafts- und Kulturnetzwerk,<\/em><em> zeichnet den Oberwalliser Fussballstar f\u00fcr seine erfolgreiche und beeindruckende Sportlerkarriere aus. Raphael hat in der Saison 2022\/23 als Fussballtrainer mit den Berner Young Boys mit dem Double Meister und Cupsieger einen pers\u00f6nlichen H\u00f6hepunkt seiner Karriere geschafft. Daf\u00fcr wird er am 22. September an einer Feier im Stade de Suisse in Bern als Walliser des Jahres ausgezeichnet. <\/em><\/strong><\/p>\n<p style=\"font-weight: 400;\">Raphael Wicky mit Jahrgang 1977 ist in\u00a0Steg\u00a0aufgewachsen. Bereits im Alter von 16 Jahren gab er im Trikot des FC Sion sein Deb\u00fct in der Schweizer Nationalliga A. Ein Jahr sp\u00e4ter erhielt er bereits seine erste Einladung zur Nationalmannschaft. Nach seiner erfolgreichen nationalen und internationalen Karriere als Fussballer hat er seine Trainerlaufbahn 2016 zuerst als Juniorentrainer und 2017 bei der 1. Mannschaft des FC Basel gestartet. Anschliessend zog es ihn in die USA, wo er wieder zuerst Nationaltrainer der U17 und anschliessend bis 2021 Cheftrainer des\u00a0<a href=\"https:\/\/de.wikipedia.org\/wiki\/Major_League_Soccer\">MLS<\/a>&#8211;<a href=\"https:\/\/de.wikipedia.org\/wiki\/Franchise_(Sport)\">Franchises<\/a>\u00a0<a href=\"https:\/\/de.wikipedia.org\/wiki\/Chicago_Fire_(MLS)\">Chicago Fire<\/a> war. Auf die Saison 2022\/23 \u00fcbernahm er das Traineramt des BSC Young Boys, mit dem er Meister und Cubsieger wurde.<\/p>\n<p style=\"font-weight: 400;\">Raphael ist die 15. Pers\u00f6nlichkeit, die als \u201eWalliser des Jahres\u201c ausgezeichnet wird. Als Walliser in der \u201e\u00dcsserschwiz\u201c repr\u00e4sentiert er die Werte des Wirtschafts- und Kulturnetzwerkes Plenum VS ganz besonders. Nach Beurteilung seines Topskorers Cedric Itten hat es Wicky \u201emenschlich sehr, sehr gut hingekriegt. Er nahm jeden Spieler auf seine Art und es gelang ihm, mit einem Mix zwischen Ernsthaftigkeit und Lockerheit ein echtes Team zu kreieren.\u201c F\u00fcr den weiteren YB-Star Christian Fassnacht ist Wicky \u201eein Fussball-Fanatiker im positivsten Sinn des Wortes. Er ist nicht besessen, aber will alles verstehen. Die geringe Anzahl Gegentore zeigt, wie gut er uns auf die Gegner eingestellt hat. Zudem will er stets auch unsere Meinung h\u00f6ren und sich selbst verbessern. Er ist interessiert am Menschen hinter dem Spieler, will wissen, wie wir empfinden und denken.\u201c Der Preis wird Raphael Wicky am 22. September im Beisein von zahlreichen G\u00e4sten aus dem Wallis und der Deutschschweiz im Stade de Suisse in Bern \u00fcbergeben.<\/p>\n<p style=\"font-weight: 400;\"><strong>Botschafter f\u00fcr das Wallis<\/strong><\/p>\n<p style=\"font-weight: 400;\">Mit mehreren eigenen Veranstaltungen f\u00f6rdert das Plenum VS den Informations- und Gedankenaustausch zwischen seinen Mitgliedern. Der Kanton Wallis profitiert vom Plenum VS, weil er Botschafterinnen und Botschafter gewinnt, die sich f\u00fcr die Anliegen ihres Kantons einsetzen und ihn mit ihrem Wissen und ihren Beziehungen aktiv unterst\u00fctzen. Der Verein ist ein wichtiger Repr\u00e4sentant der Walliser Kultur in der Deutschschweiz. Der Titel \u201eWalliser oder Walliserin des Jahres\u201c soll nicht nur eine Ehre f\u00fcr geleistete Arbeit, sondern auch eine Motivation f\u00fcr zuk\u00fcnftige Leistungen sein.<\/p>\n<p style=\"font-weight: 400;\">Bisher ausgezeichnet wurden Nationalbankpr\u00e4sident Jean-Pierre Roth, die Operns\u00e4ngerin Rachel Harnisch, der Bergsteiger Simon Anthamatten, der Modesch\u00f6pfer Adrian Margelist, der Unternehmer Hermann Biner, die Werberin Nadin Borter, der Techniker und Erfinder Pavel Lehky, der Unternehmer Jean-Claude Bregy, das Openair Gampel, der Filmautor Nicolas Steiner, der innovative Visper Unternehmer Daniel Kehl, Sina, der Zauberer Lionel Dellberg und Division\u00e4r Germaine Seewer.<\/p>\n<p style=\"font-weight: 400;\">Z\u00fcrich, im August 2023<\/p>\n","protected":false},"excerpt":{"rendered":"<p>Der Steger Fussballtrainer Raphael Wicky ist Walliser des Jahres 2023. Das Plenum VS, das Walliser Wirtschafts- und Kulturnetzwerk, zeichnet den Oberwalliser Fussballstar f\u00fcr seine erfolgreiche und beeindruckende Sportlerkarriere aus. Raphael hat in der Saison 2022\/23 als Fussballtrainer mit den Berner Young Boys mit dem Double Meister und Cupsieger einen pers\u00f6nlichen H\u00f6hepunkt seiner Karriere geschafft. Daf\u00fcr [&hellip;]<\/p>\n","protected":false},"author":1,"featured_media":649,"comment_status":"closed","ping_status":"open","sticky":false,"template":"","format":"standard","meta":{"_et_pb_use_builder":"","_et_pb_old_content":"","_et_gb_content_width":"","footnotes":""},"categories":[7],"tags":[],"class_list":["post-646","post","type-post","status-publish","format-standard","has-post-thumbnail","hentry","category-walliser-des-jahres"],"_links":{"self":[{"href":"https:\/\/plenum-vs.ch\/index.php\/wp-json\/wp\/v2\/posts\/646","targetHints":{"allow":["GET"]}}],"collection":[{"href":"https:\/\/plenum-vs.ch\/index.php\/wp-json\/wp\/v2\/posts"}],"about":[{"href":"https:\/\/plenum-vs.ch\/index.php\/wp-json\/wp\/v2\/types\/post"}],"author":[{"embeddable":true,"href":"https:\/\/plenum-vs.ch\/index.php\/wp-json\/wp\/v2\/users\/1"}],"replies":[{"embeddable":true,"href":"https:\/\/plenum-vs.ch\/index.php\/wp-json\/wp\/v2\/comments?post=646"}],"version-history":[{"count":1,"href":"https:\/\/plenum-vs.ch\/index.php\/wp-json\/wp\/v2\/posts\/646\/revisions"}],"predecessor-version":[{"id":647,"href":"https:\/\/plenum-vs.ch\/index.php\/wp-json\/wp\/v2\/posts\/646\/revisions\/647"}],"wp:featuredmedia":[{"embeddable":true,"href":"https:\/\/plenum-vs.ch\/index.php\/wp-json\/wp\/v2\/media\/649"}],"wp:attachment":[{"href":"https:\/\/plenum-vs.ch\/index.php\/wp-json\/wp\/v2\/media?parent=646"}],"wp:term":[{"taxonomy":"category","embeddable":true,"href":"https:\/\/plenum-vs.ch\/index.php\/wp-json\/wp\/v2\/categories?post=646"},{"taxonomy":"post_tag","embeddable":true,"href":"https:\/\/plenum-vs.ch\/index.php\/wp-json\/wp\/v2\/tags?post=646"}],"curies":[{"name":"wp","href":"https:\/\/api.w.org\/{rel}","templated":true}]}}