{"id":546,"date":"2022-07-19T15:53:51","date_gmt":"2022-07-19T14:53:51","guid":{"rendered":"https:\/\/plenum-vs.ch\/?p=546"},"modified":"2022-07-19T15:53:51","modified_gmt":"2022-07-19T14:53:51","slug":"germaine-j-f-seewer-ist-walliserin-des-jahres-2022","status":"publish","type":"post","link":"https:\/\/plenum-vs.ch\/index.php\/2022\/07\/19\/germaine-j-f-seewer-ist-walliserin-des-jahres-2022\/","title":{"rendered":"Germaine J.F. Seewer ist Walliserin des Jahres 2022"},"content":{"rendered":"<p style=\"font-weight: 400;\"><em>Division\u00e4r Germaine J.F. Seewer ist Walliserin des Jahres 2022. Plenum VS<\/em><em>, das Wirtschafts- und Kulturnetzwerk von Walliserinnen und Wallisern sowie Freunden des Wallis,<\/em><em> zeichnet die Leukerin aus f\u00fcr ihre erfolgreiche Berufskarriere als Frau in einem von M\u00e4nnern dominierten Bereich und ihre <\/em><em>Vorbildfunktion als Division\u00e4r und damit rangh\u00f6chste Frau in der Schweizer Armee. <\/em><em>Der Titel wird mit G\u00e4sten aus dem Wallis und der ganzen Schweiz am 26. August 2022 im Kursaal Bern feierlich \u00fcbergeben.<\/em><!--more--><\/p>\n<p style=\"font-weight: 400;\">Germaine J.F. Seewer ist die 14. Pers\u00f6nlichkeit, die als \u201eWalliserin des Jahres\u201c ausgezeichnet wird. Der Vorstand von Plenum VS ist \u00fcberzeugt, dass die Leukerin, diese Auszeichnung ganz besonders verdient hat. Besonders auch, weil sie als Walliserin in der \u201e\u00dcsserschwiz\u201c die Werte dieses Wirtschafts- und Kulturnetzwerkes, eindr\u00fccklich repr\u00e4sentiert.ETH-Pr\u00e4sident, Prof. Dr. Joe\u0308l Mesot lobte die Preistr\u00e4gerin und ETH-Ehrenr\u00e4tin als Vorbild, das \u00abandere Frauen motiviert, sich zu trauen und auch gerade dort Verantwortung zu u\u0308bernehmen, wo die Geschlechterparita\u0308t noch weit vom erstrebenswerten Ziel entfernt ist\u00bb.<\/p>\n<p style=\"font-weight: 400;\">Division\u00e4r Seewer f\u00fchrt die H\u00f6here Kaderausbildung der Armee. Sie ist verantwortlich f\u00fcr die F\u00fchrungs- und Stabsausbildung der Milizkader ab Stufe Einheit, die Aus- und Weiterbildung der Berufskader sowie die milit\u00e4rwissenschaftliche Lehre und Forschung. Ihr als Kommandant H\u00f6here Kaderausbildung der Armee unterstehen die Zentralschule, die Generalstabsschule, die Milit\u00e4rakademie an der ETH Z\u00fcrich und die Berufsunteroffiziersschule der Armee. Division\u00e4r Seewer ist dem Chef Kommando Ausbildung direktunter-stellt und amtet als dessen Stellvertreterin.<\/p>\n<p style=\"font-weight: 400;\">Die Walliserin studierte an der ETH Zu\u0308rich Chemie und doktorierte am Institut fu\u0308r Nutztierwissenschaften. Danach arbeitete Seewer als wissenschaftliche Mitarbeiterin an der Eidgen\u00f6ssischen Forschungsanstalt fu\u0308r Nutztiere im freiburgischen Posieux. Im Alter von 34 Jahren wechselte sie ins damalige Eidgen\u00f6ssische Milit\u00e4rdeparment (EMD) und heutige Departement fu\u0308r Verteidigung, Bev\u00f6lkerungsschutz und Sport (VBS). 2013 wurde sie als Brigadier Chef Personelles der Armee und 2018 Kommandant der Fu\u0308hrungsunterstu\u0308tzungsbrigade 41. Seit 2020 ist sie in der aktuellen Funktion. Als Ausgleich zu ihrer Arbeit kehrt sie regelm\u00e4ssig an den Wochenenden ins Wallis und in die Berge zur\u00fcck. Sie nimmt ausserdem auch am Gebirgslauf Patrouille des Glaciers teil.<\/p>\n<p style=\"font-weight: 400;\"><strong>Botschafter f\u00fcr das Wallis<\/strong><\/p>\n<p style=\"font-weight: 400;\">Mit mehreren eigenen Veranstaltungen f\u00f6rdert das Plenum VS den Informations- und Gedankenaustausch zwischen seinen Mitgliedern. So wird an der Feier f\u00fcr Germaine Seewer der ehemalige Cyber-Verantwortliche des VBS und Gr\u00fcnder der Stiftung digiVolution G\u00e9rald Vernez \u00fcber die \u00abSchweizer Sicherheitspolitik zur Zeit der digitalen Mutation\u00bb referieren und diskutieren.<\/p>\n<p style=\"font-weight: 400;\">Der Kanton Wallis profitiert vom Plenum VS, weil er Botschafterinnen und Botschafter gewinnt, die sich f\u00fcr die Anliegen ihres Kantons einsetzen und ihn mit ihrem Wissen und ihren Beziehungen aktiv unterst\u00fctzen. Der Verein ist ein wichtiger Repr\u00e4sentant der Walliser Kultur in der Deutschschweiz. Der Titel \u201eWalliser oder Walliserin des Jahres\u201c, welcher von einer autonomen Jury vergeben wird, soll nicht nur eine Ehre f\u00fcr geleistete Arbeit, sondern auch eine Motivation f\u00fcr zuk\u00fcnftige Leistungen sein.<\/p>\n<p style=\"font-weight: 400;\">Bisher ausgezeichnet wurden Nationalbankpr\u00e4sident Jean-Pierre Roth, die Operns\u00e4ngerin Rachel Harnisch, der Bergsteiger Simon Anthamatten, der Modesch\u00f6pfer Adrian Margelist, der Unternehmer Hermann Biner, die Werberin Nadin Borter, der Techniker und Erfinder Pavel Lehky, der Unternehmer Jean-Claude Bregy, das Openair Gampel sowie der Filmautor Nicolas Steiner und der innovative Visper Unternehmer Daniel Kehl, die Songwriterin und S\u00e4ngerin Sina und der Zauberer Lionel Dellberg.<\/p>\n","protected":false},"excerpt":{"rendered":"<p>Division\u00e4r Germaine J.F. Seewer ist Walliserin des Jahres 2022. Plenum VS, das Wirtschafts- und Kulturnetzwerk von Walliserinnen und Wallisern sowie Freunden des Wallis, zeichnet die Leukerin aus f\u00fcr ihre erfolgreiche Berufskarriere als Frau in einem von M\u00e4nnern dominierten Bereich und ihre Vorbildfunktion als Division\u00e4r und damit rangh\u00f6chste Frau in der Schweizer Armee. Der Titel wird [&hellip;]<\/p>\n","protected":false},"author":1,"featured_media":544,"comment_status":"closed","ping_status":"open","sticky":false,"template":"","format":"standard","meta":{"_et_pb_use_builder":"","_et_pb_old_content":"","_et_gb_content_width":"","footnotes":""},"categories":[5,3],"tags":[],"class_list":["post-546","post","type-post","status-publish","format-standard","has-post-thumbnail","hentry","category-medien","category-walliserin-des-jahres"],"_links":{"self":[{"href":"https:\/\/plenum-vs.ch\/index.php\/wp-json\/wp\/v2\/posts\/546","targetHints":{"allow":["GET"]}}],"collection":[{"href":"https:\/\/plenum-vs.ch\/index.php\/wp-json\/wp\/v2\/posts"}],"about":[{"href":"https:\/\/plenum-vs.ch\/index.php\/wp-json\/wp\/v2\/types\/post"}],"author":[{"embeddable":true,"href":"https:\/\/plenum-vs.ch\/index.php\/wp-json\/wp\/v2\/users\/1"}],"replies":[{"embeddable":true,"href":"https:\/\/plenum-vs.ch\/index.php\/wp-json\/wp\/v2\/comments?post=546"}],"version-history":[{"count":1,"href":"https:\/\/plenum-vs.ch\/index.php\/wp-json\/wp\/v2\/posts\/546\/revisions"}],"predecessor-version":[{"id":547,"href":"https:\/\/plenum-vs.ch\/index.php\/wp-json\/wp\/v2\/posts\/546\/revisions\/547"}],"wp:featuredmedia":[{"embeddable":true,"href":"https:\/\/plenum-vs.ch\/index.php\/wp-json\/wp\/v2\/media\/544"}],"wp:attachment":[{"href":"https:\/\/plenum-vs.ch\/index.php\/wp-json\/wp\/v2\/media?parent=546"}],"wp:term":[{"taxonomy":"category","embeddable":true,"href":"https:\/\/plenum-vs.ch\/index.php\/wp-json\/wp\/v2\/categories?post=546"},{"taxonomy":"post_tag","embeddable":true,"href":"https:\/\/plenum-vs.ch\/index.php\/wp-json\/wp\/v2\/tags?post=546"}],"curies":[{"name":"wp","href":"https:\/\/api.w.org\/{rel}","templated":true}]}}