{"id":102,"date":"2021-03-27T18:21:43","date_gmt":"2021-03-27T17:21:43","guid":{"rendered":"https:\/\/temp2studiob.ch\/?p=102"},"modified":"2021-03-27T18:34:41","modified_gmt":"2021-03-27T17:34:41","slug":"news-template","status":"publish","type":"post","link":"https:\/\/plenum-vs.ch\/index.php\/2021\/03\/27\/news-template\/","title":{"rendered":"Digitaler &#171;Abusitz&#187; mit Sabine Fercher"},"content":{"rendered":"[et_pb_section fb_built=&#187;1&#8243; _builder_version=&#187;3.22&#8243; locked=&#187;off&#187;][et_pb_row _builder_version=&#187;3.25&#8243; background_size=&#187;initial&#187; background_position=&#187;top_left&#187; background_repeat=&#187;repeat&#187;][et_pb_column type=&#187;4_4&#8243; _builder_version=&#187;3.25&#8243; custom_padding=&#187;|||&#187; custom_padding__hover=&#187;|||&#187;][et_pb_text admin_label=&#187;Medienmitteilung&#187; _builder_version=&#187;4.9.2&#8243; background_size=&#187;initial&#187; background_position=&#187;top_left&#187; background_repeat=&#187;repeat&#187;]<h3>NEWSLETTER<\/h3>\n<p><\/p>[\/et_pb_text][et_pb_text _builder_version=&#187;4.9.2&#8243; background_size=&#187;initial&#187; background_position=&#187;top_left&#187; background_repeat=&#187;repeat&#187;]<table class=\"mcnCaptionBlock\" style=\"height: 614px; width: 100%;\" border=\"0\" width=\"100%\" cellspacing=\"0\" cellpadding=\"0\">\n<tbody class=\"mcnCaptionBlockOuter\">\n<tr style=\"height: 614px;\">\n<td class=\"mcnCaptionBlockInner\" style=\"height: 614px;\" valign=\"top\">\n<table class=\"mcnCaptionBottomContent\" style=\"width: 828px; height: 587px;\" border=\"0\" cellspacing=\"0\" cellpadding=\"0\" align=\"left\">\n<tbody>\n<tr style=\"height: 587px;\">\n<td class=\"mcnTextContent\" style=\"width: 824px; height: 587px;\" valign=\"top\">\n<h3><strong>Einladung<\/strong><\/h3>\n<div>Wir freuen uns, euch \u00fcber die Einf\u00fchrung der neuen virtuellen Eventreihe \u201eAbusitz\u201c des Plenum VS zu informieren.<\/div>\n<div>\n<p>Anlass dazu gaben uns einerseits unsere Ambition, das Vereinsleben zu dynamisieren sowie die sehr positiven R\u00fcckmeldungen aus der Online-GV vom Januar 2021. \u201eAbusitz\u201c ist eine Walliser Tradition des gem\u00fctlichen und ungezwungenen Zusammenseins (vorl\u00e4ufig virtuell) &#8211; der Name passt bestens zum neuen Format, das ein Mix aus Infotainment sowie Austausch mit Expertinnen und Experten zu einer aktuellen oder relevanten Thematik ist.<\/p>\n<p><img loading=\"lazy\" decoding=\"async\" class=\"\" src=\"https:\/\/mcusercontent.com\/7fb3fd13ff76a8e8cd187a6b0\/images\/f9ef56e5-a39d-46cd-9eeb-4237322cafe2.jpg\" width=\"826\" height=\"184\" data-file-id=\"5808237\" \/><\/p>\n<\/div>\n<div>\u00a0<\/div>\n<div>\n<p>Der erste \u201eAbusitz\u201c findet schon sehr bald statt, n\u00e4mlich am <strong>8. April 2021 um 19 Uhr<\/strong> (per Zoom). Das Thema lautet <strong>\u201eHacked &#8211; now what?\u201c<\/strong> und wird uns von der <strong>Walliser Expertin f\u00fcr Compliance &amp; Datenschutz, Sabine Fercher,<\/strong>pr\u00e4sentiert. Nebst konkreter Beispiele werden uns Stakeholder mit ihren Verantwortlichkeiten sowie der Umgang mit der Kommunikation dargestellt.<\/p>\n<p>Lasst euch die spannenden Experten-Ausf\u00fchrungen von Sabine Fercher nicht entgehen, denn Stakeholder sind wir alle! Also nicht verpassen und sofort den Termin reservieren.<br \/><strong>Anmeldung bitte\u00a0bis am 7.4.2021 an <a href=\"mailto:info@plenum-vs.ch?subject=Anmeldung%20zum%20Abusitz%20vom%2008.04.2021&amp;body=Ich%20melde%20mich%20f%C3%BCr%20diesen%20Abusitz%20an.%20%0A%0AName%3A%20%0AEmail%3A%20%0A%0ADonnerstag%2C%208.%20April%20via%20Zoom%2C%20Link%20wird%20zugeschickt.\" target=\"_blank\" rel=\"noopener\">info@plenum-vs.ch<\/a>, damit wir euch den Zoom-Link zusenden k\u00f6nnen.<\/strong><\/p>\n<\/div>\n<\/td>\n<\/tr>\n<\/tbody>\n<\/table>\n<\/td>\n<\/tr>\n<\/tbody>\n<\/table>\n<table class=\"mcnCaptionBlock\" border=\"0\" width=\"100%\" cellspacing=\"0\" cellpadding=\"0\">\n<tbody class=\"mcnCaptionBlockOuter\">\n<tr>\n<td class=\"mcnCaptionBlockInner\" valign=\"top\">\n<table class=\"mcnCaptionBottomContent\" style=\"width: 830px;\" border=\"0\" cellspacing=\"0\" cellpadding=\"0\" align=\"left\">\n<tbody>\n<tr>\n<td class=\"mcnCaptionBottomImageContent\" style=\"width: 826px;\" align=\"center\" valign=\"top\"><img decoding=\"async\" class=\"mcnImage\" src=\"https:\/\/mcusercontent.com\/7fb3fd13ff76a8e8cd187a6b0\/images\/af4e2221-a57e-4dcb-b872-4cd6af8e84c8.png\" alt=\"\" width=\"564\" \/><\/td>\n<\/tr>\n<tr>\n<td class=\"mcnTextContent\" style=\"width: 826px;\" valign=\"top\">\n<p><strong>Sabine Fercher<\/strong> verf\u00fcgt \u00fcber mehr als zehn Jahre F\u00fchrungserfahrung bei der Einf\u00fchrung und der Umsetzung von Compliance Management Systemen in weltweit t\u00e4tigen &#8211; auch b\u00f6rsenkotierten Unternehmen. Wegen nicht Erf\u00fcllung von Compliance Anforderungen schloss sie f\u00fcr die Alstom im Jahre 2011 mit der Bundesanwaltschaft einen Vergleich \u00fcber CHF 40 Mio ab. Weiter war Sabine Fercher verantwortlich f\u00fcr die Einf\u00fchrung und Umsetzung der Anforderungen der europ\u00e4ischen Datenschutzverordnung bei einem renommierten Fintech Unternehmen. Nun unterst\u00fctzt und ber\u00e4t sie KMUs bei der Einf\u00fchrung und Umsetzung von Compliance Management Systemen mit dem Fokus Datenschutz und Cybersicherheit.<\/p>\n<p>Der Verein Plenum VS ist ein wichtiger Repr\u00e4sentant der Walliser Kultur ausserhalb des Wallis ist. Der Kanton Wallis profitiert, weil er Botschafter gewinnt, die sich f\u00fcr die Anliegen ihres Kantons einsetzen und ihn mit ihrem Wissen und ihren Beziehungen unterst\u00fctzen. Aktive Personen mit offener Haltung und Interesse am Wallis bilden das Kontaktnetz Plenum VS. Damit das Netzwerk wachsen kann, bitten wir dich Freunde und Bekannte unverbindlich einzuladen, so dass auch sie \u00fcber das Plenum VS informiert sind.<\/p>\n<p>Durch den Aufbau und Unterhalt dieser Plattform f\u00f6rdert der Verein die Kommunikation sowie die Kn\u00fcpfung und Vertiefung von Beziehungen zwischen Personen, die sich mit dem Wallis verbunden f\u00fchlen. Plenum VS hat zur Zeit knapp 100 Mitglieder.<\/p>\n<p>Der Vorstand des Plenum VS w\u00fcnscht euch einen sch\u00f6nen Fr\u00fchling und freut sich, euch am 8. April 2021 zu sehen.<\/p>\n<p><em>Martin Luggen, Nicole B\u00fctzberger, Martin Nellen, Michael Schmidt, Reiny Schnyder, Patrick Zehner<\/em><\/p>\n<\/td>\n<\/tr>\n<\/tbody>\n<\/table>\n<\/td>\n<\/tr>\n<\/tbody>\n<\/table>\n<p>&nbsp;<\/p>[\/et_pb_text][\/et_pb_column][\/et_pb_row][\/et_pb_section]","protected":false},"excerpt":{"rendered":"<p>[et_pb_section fb_built=&#187;1&#8243; _builder_version=&#187;3.22&#8243; locked=&#187;off&#187;][et_pb_row _builder_version=&#187;3.25&#8243; background_size=&#187;initial&#187; background_position=&#187;top_left&#187; background_repeat=&#187;repeat&#187;][et_pb_column type=&#187;4_4&#8243; _builder_version=&#187;3.25&#8243; custom_padding=&#187;|||&#187; custom_padding__hover=&#187;|||&#187;][et_pb_text admin_label=&#187;Medienmitteilung&#187; _builder_version=&#187;4.9.2&#8243; background_size=&#187;initial&#187; background_position=&#187;top_left&#187; background_repeat=&#187;repeat&#187;] NEWSLETTER [\/et_pb_text][et_pb_text _builder_version=&#187;4.9.2&#8243; background_size=&#187;initial&#187; background_position=&#187;top_left&#187; background_repeat=&#187;repeat&#187;] Einladung Wir freuen uns, euch \u00fcber die Einf\u00fchrung der neuen virtuellen Eventreihe \u201eAbusitz\u201c des Plenum VS zu informieren. Anlass dazu gaben uns einerseits unsere Ambition, das Vereinsleben zu dynamisieren sowie die sehr [&hellip;]<\/p>\n","protected":false},"author":1,"featured_media":110,"comment_status":"open","ping_status":"open","sticky":false,"template":"","format":"standard","meta":{"_et_pb_use_builder":"on","_et_pb_old_content":"","_et_gb_content_width":"","footnotes":""},"categories":[4],"tags":[],"class_list":["post-102","post","type-post","status-publish","format-standard","has-post-thumbnail","hentry","category-abusitz"],"_links":{"self":[{"href":"https:\/\/plenum-vs.ch\/index.php\/wp-json\/wp\/v2\/posts\/102","targetHints":{"allow":["GET"]}}],"collection":[{"href":"https:\/\/plenum-vs.ch\/index.php\/wp-json\/wp\/v2\/posts"}],"about":[{"href":"https:\/\/plenum-vs.ch\/index.php\/wp-json\/wp\/v2\/types\/post"}],"author":[{"embeddable":true,"href":"https:\/\/plenum-vs.ch\/index.php\/wp-json\/wp\/v2\/users\/1"}],"replies":[{"embeddable":true,"href":"https:\/\/plenum-vs.ch\/index.php\/wp-json\/wp\/v2\/comments?post=102"}],"version-history":[{"count":6,"href":"https:\/\/plenum-vs.ch\/index.php\/wp-json\/wp\/v2\/posts\/102\/revisions"}],"predecessor-version":[{"id":111,"href":"https:\/\/plenum-vs.ch\/index.php\/wp-json\/wp\/v2\/posts\/102\/revisions\/111"}],"wp:featuredmedia":[{"embeddable":true,"href":"https:\/\/plenum-vs.ch\/index.php\/wp-json\/wp\/v2\/media\/110"}],"wp:attachment":[{"href":"https:\/\/plenum-vs.ch\/index.php\/wp-json\/wp\/v2\/media?parent=102"}],"wp:term":[{"taxonomy":"category","embeddable":true,"href":"https:\/\/plenum-vs.ch\/index.php\/wp-json\/wp\/v2\/categories?post=102"},{"taxonomy":"post_tag","embeddable":true,"href":"https:\/\/plenum-vs.ch\/index.php\/wp-json\/wp\/v2\/tags?post=102"}],"curies":[{"name":"wp","href":"https:\/\/api.w.org\/{rel}","templated":true}]}}