{"id":1,"date":"2020-07-20T06:31:03","date_gmt":"2020-07-20T05:31:03","guid":{"rendered":"https:\/\/temp2studiob.ch\/?p=1"},"modified":"2021-03-27T17:14:40","modified_gmt":"2021-03-27T16:14:40","slug":"hello-world","status":"publish","type":"post","link":"https:\/\/plenum-vs.ch\/index.php\/2020\/07\/20\/hello-world\/","title":{"rendered":"Sina ist Walliserin des Jahres 2020"},"content":{"rendered":"[et_pb_section fb_built=&#187;1&#8243; _builder_version=&#187;3.22&#8243;][et_pb_row _builder_version=&#187;3.25&#8243; background_size=&#187;initial&#187; background_position=&#187;top_left&#187; background_repeat=&#187;repeat&#187;][et_pb_column type=&#187;4_4&#8243; _builder_version=&#187;3.25&#8243; custom_padding=&#187;|||&#187; custom_padding__hover=&#187;|||&#187;][et_pb_text _builder_version=&#187;4.9.2&#8243; background_size=&#187;initial&#187; background_position=&#187;top_left&#187; background_repeat=&#187;repeat&#187;]<h3>MEDIENMITTEILUNG<\/h3>\n<p><\/p>[\/et_pb_text][et_pb_text _builder_version=&#187;4.9.2&#8243; background_size=&#187;initial&#187; background_position=&#187;top_left&#187; background_repeat=&#187;repeat&#187;]<p><strong><em>2019 war das Jahr von Sina: Das Album Emma wurde Nr 1, als erste Frau erhielt sie den Swiss Music Award fu\u0308r aussergew\u00f6hnliche Verdienste und mit ihrer \u201eEmma\u201c-Tournee sorgte sie, wo immer sie auftrat, fu\u0308r ausverkaufte H\u00e4user. Plenum VS<\/em><em>, ein Wirtschafts- und Kulturnetzwerk von Walliserinnen und Wallisern sowie Freunden des Wallis,<\/em><em>zeichnet die Ausnahmeku\u0308nstlerin als \u201eWalliserin des Jahres 2020\u201c aus, nicht nur wegen ihres Erfolgsjahres, sondern insbesondere auch f\u00fcr ihre \u00fcber 25j\u00e4hrige erfolgreiche Karriere als Mundarts\u00e4ngerin und damit auch als Botschafterin des Walliser Dialekts.<\/em><\/strong><\/p>\n<p>Sina ist die 12. Pers\u00f6nlichkeit, die als \u201eWalliserin des Jahres\u201c ausgezeichnet wird. Der Titel wird mit G\u00e4sten aus dem Wallis und der ganzen Schweiz am 4. September 2020 im Kursaal Bern feierlich \u00fcbergeben. Der Vorstand von Plenum VS ist \u00fcberzeugt, dass die Gampjerin Sina diese Auszeichnung ganz besonders verdient hat. Besonders auch, weil sie als Walliserin in der \u201e\u00dcsserschwiz\u201c die Werte dieses Wirtschafts- und Kulturnetzwerkes, eindr\u00fccklich repr\u00e4sentiert. Ihre empathischen Geschichten erz\u00e4hlen von den Erfahrungen einer jungen Walliserin bis hin zu einer erfolgreichen Frau, die im Land der 13 Sterne kraftvoll geerdet ist.<\/p>\n<p><strong>Lustvoll musizieren<\/strong><\/p>\n<p>Auch f\u00fcr dieses Jahr hat sich Sina einiges vorgenommen. W\u00e4hrend dem Corona-Lockdown im M\u00e4rz und April hat sie die Single \u201eIm Summ\u00e4rwind\u201c aufgenommen, adaptiert von Townes van Zahdt\u2019s \u201eLovers Lullaby\u201c. Laut Sina \u201eein Trostsong, der nicht vorgesehen war, aber diese surreale Zeit ungewollt und doch treffend beschreibt\u201c. Ein Tag nach der Feier zur Walliserin des Jahres \u00fcbernimmt sie eine \u201eTeilzeitstelle\u201c als Ehrenw\u00e4rterin des Leuchtturms auf dem Oberalppass und veranstaltet dort im Herbstwind eine kleine Feuertaufe. Und nicht zuletzt freuen wir uns ab Oktober auf SINA im kleinFORMAT mit dem Programm \u201eMondnacht\u201c in dem sie, musikalisch getragen von den Multiinstrumentalisten Michael Chylewski und Peter Wagner, \u201ewild und geistreich fabulieren und lustvoll musizieren wird\u201c.<\/p>\n<p><strong>Botschafter f\u00fcr das Wallis<\/strong><\/p>\n<p>Mit mehreren eigenen Veranstaltungen f\u00f6rdert das Plenum VS den Informations- und Gedankenaustausch zwischen seinen Mitgliedern. So wird an der Feier f\u00fcr Sina der renommierte Zermatter Dr. Diego Kuonen, Professor f\u00fcr Datenwissenschaften an der Universit\u00e4t Genf und CEO seiner Firma Statoo Consulting, die G\u00e4ste \u00fcber den Umgang mit Daten informieren, die \u00fcber die Nutzung von It-Technologien und Social Media generiert werden.<\/p>\n<p>Der Kanton Wallis profitiert vom Plenum VS, weil er Botschafterinnen und Botschafter gewinnt, die sich f\u00fcr die Anliegen ihres Kantons einsetzen und ihn mit ihrem Wissen und ihren Beziehungen aktiv unterst\u00fctzen. Der Verein ist ein wichtiger Repr\u00e4sentant der Walliser Kultur in der Deutschschweiz. Der Titel \u201eWalliser oder Walliserin des Jahres\u201c, welcher von einer autonomen Jury vergeben wird, soll nicht nur eine Ehre f\u00fcr geleistete Arbeit, sondern auch eine Motivation f\u00fcr zuk\u00fcnftige Leistungen sein. Bisher ausgezeichnet wurden Nationalbankpr\u00e4sident Jean-Pierre Roth, die Operns\u00e4ngerin Rachel Harnisch, der Bergsteiger Simon Anthamatten, der Modesch\u00f6pfer Adrian Margelist, der Unternehmer Hermann Biner, die Werberin Nadin Borter, der Techniker und Erfinder Pavel Lehky, der Unternehmer Jean-Claude Bregy, das Openair Gampel sowie der Filmautor Nicolas Steiner und der innovative Visper Unternehmer Daniel Kehl.<\/p>\n<p>Z\u00fcrich, im Juli 2020<\/p>\n<p><strong>Weitere Informationen: <\/strong><\/p>\n<p>Reiny Schnyder<\/p>\n<p>Tel: +41 79 300 84 13<\/p>\n<p><a href=\"mailto:reiny.schnyder@s-com.ch\">reiny.schnyder@s-com.ch<\/a><\/p>[\/et_pb_text][\/et_pb_column][\/et_pb_row][\/et_pb_section]","protected":false},"excerpt":{"rendered":"<p>[et_pb_section fb_built=&#187;1&#8243; _builder_version=&#187;3.22&#8243;][et_pb_row _builder_version=&#187;3.25&#8243; background_size=&#187;initial&#187; background_position=&#187;top_left&#187; background_repeat=&#187;repeat&#187;][et_pb_column type=&#187;4_4&#8243; _builder_version=&#187;3.25&#8243; custom_padding=&#187;|||&#187; custom_padding__hover=&#187;|||&#187;][et_pb_text _builder_version=&#187;4.9.2&#8243; background_size=&#187;initial&#187; background_position=&#187;top_left&#187; background_repeat=&#187;repeat&#187;] MEDIENMITTEILUNG [\/et_pb_text][et_pb_text _builder_version=&#187;4.9.2&#8243; background_size=&#187;initial&#187; background_position=&#187;top_left&#187; background_repeat=&#187;repeat&#187;] 2019 war das Jahr von Sina: Das Album Emma wurde Nr 1, als erste Frau erhielt sie den Swiss Music Award fu\u0308r aussergew\u00f6hnliche Verdienste und mit ihrer \u201eEmma\u201c-Tournee sorgte sie, wo immer sie auftrat, [&hellip;]<\/p>\n","protected":false},"author":1,"featured_media":74,"comment_status":"open","ping_status":"open","sticky":false,"template":"","format":"standard","meta":{"_et_pb_use_builder":"on","_et_pb_old_content":"<!-- wp:paragraph -->\r\n<p>Welcome to WordPress. This is your first post. Edit or delete it, then start writing!<\/p>\r\n<!-- \/wp:paragraph -->","_et_gb_content_width":"","footnotes":""},"categories":[5,3],"tags":[6],"class_list":["post-1","post","type-post","status-publish","format-standard","has-post-thumbnail","hentry","category-medien","category-walliserin-des-jahres","tag-medien"],"_links":{"self":[{"href":"https:\/\/plenum-vs.ch\/index.php\/wp-json\/wp\/v2\/posts\/1","targetHints":{"allow":["GET"]}}],"collection":[{"href":"https:\/\/plenum-vs.ch\/index.php\/wp-json\/wp\/v2\/posts"}],"about":[{"href":"https:\/\/plenum-vs.ch\/index.php\/wp-json\/wp\/v2\/types\/post"}],"author":[{"embeddable":true,"href":"https:\/\/plenum-vs.ch\/index.php\/wp-json\/wp\/v2\/users\/1"}],"replies":[{"embeddable":true,"href":"https:\/\/plenum-vs.ch\/index.php\/wp-json\/wp\/v2\/comments?post=1"}],"version-history":[{"count":4,"href":"https:\/\/plenum-vs.ch\/index.php\/wp-json\/wp\/v2\/posts\/1\/revisions"}],"predecessor-version":[{"id":75,"href":"https:\/\/plenum-vs.ch\/index.php\/wp-json\/wp\/v2\/posts\/1\/revisions\/75"}],"wp:featuredmedia":[{"embeddable":true,"href":"https:\/\/plenum-vs.ch\/index.php\/wp-json\/wp\/v2\/media\/74"}],"wp:attachment":[{"href":"https:\/\/plenum-vs.ch\/index.php\/wp-json\/wp\/v2\/media?parent=1"}],"wp:term":[{"taxonomy":"category","embeddable":true,"href":"https:\/\/plenum-vs.ch\/index.php\/wp-json\/wp\/v2\/categories?post=1"},{"taxonomy":"post_tag","embeddable":true,"href":"https:\/\/plenum-vs.ch\/index.php\/wp-json\/wp\/v2\/tags?post=1"}],"curies":[{"name":"wp","href":"https:\/\/api.w.org\/{rel}","templated":true}]}}